{"id":234,"date":"2021-07-07T20:43:16","date_gmt":"2021-07-07T18:43:16","guid":{"rendered":"https:\/\/2021.ostravskamuzejninoc.cz\/?p=234"},"modified":"2021-08-13T11:11:33","modified_gmt":"2021-08-13T09:11:33","slug":"milan-dobes-museum","status":"publish","type":"post","link":"https:\/\/2021.ostravskamuzejninoc.cz\/pl\/milan-dobes-museum\/","title":{"rendered":"MILAN DOBE\u0160 MUSEUM"},"content":{"rendered":"<p><div class='content-column one_third'><div style=\"padding-right:30px;\"><p><img loading=\"lazy\" decoding=\"async\" class=\"alignnone size-full wp-image-237\" src=\"https:\/\/2021.ostravskamuzejninoc.cz\/wp-content\/uploads\/2021\/07\/dov_logo.png\" alt=\"\" width=\"250\" height=\"250\" srcset=\"https:\/\/2021.ostravskamuzejninoc.cz\/wp-content\/uploads\/2021\/07\/dov_logo.png 250w, https:\/\/2021.ostravskamuzejninoc.cz\/wp-content\/uploads\/2021\/07\/dov_logo-150x150.png 150w, https:\/\/2021.ostravskamuzejninoc.cz\/wp-content\/uploads\/2021\/07\/dov_logo-226x226.png 226w\" sizes=\"auto, (max-width: 250px) 100vw, 250px\" \/><\/p>\n<p>&nbsp;<\/p>\n<p>Doln\u00ed V\u00edtkovice, multifunk\u010dn\u00ed aula Gong<br \/>\nMilan Dobe\u0161 Museum, Ostrava-V\u00edtkovice<br \/>\n<a href=\"mailto:museum@milandobes.com\" target=\"_blank\" rel=\"noopener\">museum@milandobes.com<\/a><br \/>\n+420 595 952 672<\/p><\/div><\/div><\/p>\n<div class='content-column two_third last_column'><div style=\"padding-right:0px;\"><p>18.00\u201324.00<br \/>\nNa terenie Dolnych Witkowic w by\u0142ym zbiorniku gazu \u2013 dzisiejszej wielofunkcyjnej auli \u201eGong\u201d ma siedzib\u0119 Milan Dobe\u0161 Muzeum.<\/p>\n<p>W czasie Ostrawskiej Nocy Muze\u00f3w przygotowali\u015bmy dla Pa\u0144stwa trzy trasy zwiedzania:<\/p>\n<p><strong>18.00\u201323.00 ZWIEDZANIA Z KOMENTARZAMI<\/strong><\/p>\n<p>Na pierwszej z nich przedstawimy ekspozycj\u0119 Fundacji SAF, dzie\u0142a dynamicznego konstruktywizmu, abstrakcji geometrycznej i op-artu. Druga trasa zaprowadzi Pa\u0144stwa w \u015bwiat artystki Ivany \u0160tenclov\u00e9, kt\u00f3ra tworzy portrety przy u\u017cyciu bogatego spectrum technik artystycznych.<\/p>\n<p>I trzecia powiedzie przed obiekt kinetyczny \u2013 wahad\u0142o Josefa Pleskota, kt\u00f3re by\u0142o wystawione w \u015bwi\u0105tyni Naj\u015bwi\u0119tszego Salvatora w Pradze.<\/p>\n<p><strong>18.00 Ekspozycja SAF<\/strong><br \/>\n<strong>19.00 Ivana \u0160tenclov\u00e1<\/strong><br \/>\n<strong>20.00 Wahad\u0142o \u2013 Josef Pleskot<\/strong><br \/>\n<strong>21.00 Expozice SAF<\/strong><br \/>\n<strong>22.00 Ivana \u0160tenclov\u00e1<\/strong><\/p>\n<p>W ci\u0105gu ca\u0142ego wieczoru b\u0119dzie przygotowany program artystyczny dla dzieci.<\/p><\/div><\/div><div class='clear_column'><\/div>\n<p><img loading=\"lazy\" decoding=\"async\" class=\"alignnone size-medium wp-image-464\" src=\"https:\/\/2021.ostravskamuzejninoc.cz\/wp-content\/uploads\/2021\/07\/16_Milan-Dobes-museum_zdenek-janosik-kopie-1-300x200.jpg\" alt=\"\" width=\"300\" height=\"200\" srcset=\"https:\/\/2021.ostravskamuzejninoc.cz\/wp-content\/uploads\/2021\/07\/16_Milan-Dobes-museum_zdenek-janosik-kopie-1-300x200.jpg 300w, https:\/\/2021.ostravskamuzejninoc.cz\/wp-content\/uploads\/2021\/07\/16_Milan-Dobes-museum_zdenek-janosik-kopie-1-1024x683.jpg 1024w, https:\/\/2021.ostravskamuzejninoc.cz\/wp-content\/uploads\/2021\/07\/16_Milan-Dobes-museum_zdenek-janosik-kopie-1-768x512.jpg 768w, https:\/\/2021.ostravskamuzejninoc.cz\/wp-content\/uploads\/2021\/07\/16_Milan-Dobes-museum_zdenek-janosik-kopie-1-1536x1024.jpg 1536w, https:\/\/2021.ostravskamuzejninoc.cz\/wp-content\/uploads\/2021\/07\/16_Milan-Dobes-museum_zdenek-janosik-kopie-1-226x151.jpg 226w, https:\/\/2021.ostravskamuzejninoc.cz\/wp-content\/uploads\/2021\/07\/16_Milan-Dobes-museum_zdenek-janosik-kopie-1.jpg 2025w\" sizes=\"auto, (max-width: 300px) 100vw, 300px\" \/><img loading=\"lazy\" decoding=\"async\" class=\"alignnone size-medium wp-image-465\" src=\"https:\/\/2021.ostravskamuzejninoc.cz\/wp-content\/uploads\/2021\/07\/20180730_mdm_JZ_2376-300x200.jpg\" alt=\"\" width=\"300\" height=\"200\" srcset=\"https:\/\/2021.ostravskamuzejninoc.cz\/wp-content\/uploads\/2021\/07\/20180730_mdm_JZ_2376-300x200.jpg 300w, https:\/\/2021.ostravskamuzejninoc.cz\/wp-content\/uploads\/2021\/07\/20180730_mdm_JZ_2376-1024x683.jpg 1024w, https:\/\/2021.ostravskamuzejninoc.cz\/wp-content\/uploads\/2021\/07\/20180730_mdm_JZ_2376-768x512.jpg 768w, https:\/\/2021.ostravskamuzejninoc.cz\/wp-content\/uploads\/2021\/07\/20180730_mdm_JZ_2376-1536x1024.jpg 1536w, https:\/\/2021.ostravskamuzejninoc.cz\/wp-content\/uploads\/2021\/07\/20180730_mdm_JZ_2376-2048x1365.jpg 2048w, https:\/\/2021.ostravskamuzejninoc.cz\/wp-content\/uploads\/2021\/07\/20180730_mdm_JZ_2376-226x151.jpg 226w\" sizes=\"auto, (max-width: 300px) 100vw, 300px\" \/><\/p>","protected":false},"excerpt":{"rendered":"","protected":false},"author":1,"featured_media":463,"comment_status":"closed","ping_status":"closed","sticky":false,"template":"","format":"standard","meta":{"footnotes":""},"categories":[3],"tags":[],"class_list":["post-234","post","type-post","status-publish","format-standard","has-post-thumbnail","hentry","category-2021_omn"],"_links":{"self":[{"href":"https:\/\/2021.ostravskamuzejninoc.cz\/pl\/wp-json\/wp\/v2\/posts\/234","targetHints":{"allow":["GET"]}}],"collection":[{"href":"https:\/\/2021.ostravskamuzejninoc.cz\/pl\/wp-json\/wp\/v2\/posts"}],"about":[{"href":"https:\/\/2021.ostravskamuzejninoc.cz\/pl\/wp-json\/wp\/v2\/types\/post"}],"author":[{"embeddable":true,"href":"https:\/\/2021.ostravskamuzejninoc.cz\/pl\/wp-json\/wp\/v2\/users\/1"}],"replies":[{"embeddable":true,"href":"https:\/\/2021.ostravskamuzejninoc.cz\/pl\/wp-json\/wp\/v2\/comments?post=234"}],"version-history":[{"count":15,"href":"https:\/\/2021.ostravskamuzejninoc.cz\/pl\/wp-json\/wp\/v2\/posts\/234\/revisions"}],"predecessor-version":[{"id":1013,"href":"https:\/\/2021.ostravskamuzejninoc.cz\/pl\/wp-json\/wp\/v2\/posts\/234\/revisions\/1013"}],"wp:featuredmedia":[{"embeddable":true,"href":"https:\/\/2021.ostravskamuzejninoc.cz\/pl\/wp-json\/wp\/v2\/media\/463"}],"wp:attachment":[{"href":"https:\/\/2021.ostravskamuzejninoc.cz\/pl\/wp-json\/wp\/v2\/media?parent=234"}],"wp:term":[{"taxonomy":"category","embeddable":true,"href":"https:\/\/2021.ostravskamuzejninoc.cz\/pl\/wp-json\/wp\/v2\/categories?post=234"},{"taxonomy":"post_tag","embeddable":true,"href":"https:\/\/2021.ostravskamuzejninoc.cz\/pl\/wp-json\/wp\/v2\/tags?post=234"}],"curies":[{"name":"wp","href":"https:\/\/api.w.org\/{rel}","templated":true}]}}