{"id":244,"date":"2021-07-07T21:25:01","date_gmt":"2021-07-07T19:25:01","guid":{"rendered":"https:\/\/2021.ostravskamuzejninoc.cz\/?p=244"},"modified":"2021-08-16T13:23:23","modified_gmt":"2021-08-16T11:23:23","slug":"narodni-zemedelske-muzeum","status":"publish","type":"post","link":"https:\/\/2021.ostravskamuzejninoc.cz\/pl\/narodni-zemedelske-muzeum\/","title":{"rendered":"NARODOWA MUZEUM ROLNICZE W OSTRAWIE"},"content":{"rendered":"<p><div class='content-column one_third'><div style=\"padding-right:30px;\"><img loading=\"lazy\" decoding=\"async\" class=\"alignnone wp-image-245\" src=\"https:\/\/2021.ostravskamuzejninoc.cz\/wp-content\/uploads\/2021\/07\/varianta_2_NZM_logotyp_jednobarevny_zluta_RGB_velky-300x123.png\" alt=\"\" width=\"254\" height=\"104\" srcset=\"https:\/\/2021.ostravskamuzejninoc.cz\/wp-content\/uploads\/2021\/07\/varianta_2_NZM_logotyp_jednobarevny_zluta_RGB_velky-300x123.png 300w, https:\/\/2021.ostravskamuzejninoc.cz\/wp-content\/uploads\/2021\/07\/varianta_2_NZM_logotyp_jednobarevny_zluta_RGB_velky-1024x421.png 1024w, https:\/\/2021.ostravskamuzejninoc.cz\/wp-content\/uploads\/2021\/07\/varianta_2_NZM_logotyp_jednobarevny_zluta_RGB_velky-768x316.png 768w, https:\/\/2021.ostravskamuzejninoc.cz\/wp-content\/uploads\/2021\/07\/varianta_2_NZM_logotyp_jednobarevny_zluta_RGB_velky-1536x632.png 1536w, https:\/\/2021.ostravskamuzejninoc.cz\/wp-content\/uploads\/2021\/07\/varianta_2_NZM_logotyp_jednobarevny_zluta_RGB_velky-226x93.png 226w, https:\/\/2021.ostravskamuzejninoc.cz\/wp-content\/uploads\/2021\/07\/varianta_2_NZM_logotyp_jednobarevny_zluta_RGB_velky.png 1920w\" sizes=\"auto, (max-width: 254px) 100vw, 254px\" \/><\/p>\n<p>V\u00edtkovice 3033<br \/>\n703 00 Ostrava-V\u00edtkovice<br \/>\n<a href=\"http:\/\/nzm.cz\/ostrava\" target=\"_blank\" rel=\"noopener\">nzm.cz\/ostrava<\/a><br \/>\n<a href=\"mailto:ostrava@nzm.cz\">ostrava@nzm.cz<\/a><br \/>\n+420 777 485 152<\/p><\/div><\/div><\/p>\n<div class='content-column two_third last_column'><div style=\"padding-right:0px;\"><p><strong>17.00\u201320.00 ZWIEDZANIE EKSPOZYCJI BEZ PRZEWODNIKA\u00a0<\/strong><br \/>\nJind\u0159ich \u0160treit i ludzie w rolnictwie<br \/>\nTechnika rolnicza<br \/>\nWystawa 50 lat browaru Radegast w No\u0161ovic\u00edch<br \/>\nDepozyt \u015brodk\u00f3w spo\u017cywczych<br \/>\nGaleria czeskiej \u017cywno\u015bci<\/p>\n<p><strong>18.00 DYSKUSJA Z JIND\u0158ICHEM \u0160TREITEM<\/strong><br \/>\nWystawa fotografii Jind\u0159ich \u0160treit i ludzie w rolnictwie<br \/>\nWspomnienia fotografa z czas\u00f3w, kiedy pracowa\u0142 w Pa\u0144stwowym Gospodarstwie Rolnym w Bruntalu (zak\u0142ad 08 R\u00fd\u017eovi\u0161t\u011b).<\/p>\n<p><strong>20.00\u201324.00 ZMIANA NOCNA\u00a0<\/strong><br \/>\nKt\u00f3re maszyny podczas \u017cniw pracuj\u0105 noc\u0105?<br \/>\nCo si\u0119 dzieje w browarze po zmroku?<\/p>\n<p><strong>PROGRAM TOWARZYSZ\u0104CY\u00a0<\/strong><br \/>\nOpiekanie par\u00f3wek i piwo Radegast z beczki przed budynkiem NZM<\/p><\/div><\/div><div class='clear_column'><\/div>\n<p><div id='gallery-2' class='gallery galleryid-244 gallery-columns-3 gallery-size-medium'><figure class='gallery-item'>\n\t\t\t<div class='gallery-icon landscape'>\n\t\t\t\t<a href='https:\/\/2021.ostravskamuzejninoc.cz\/wp-content\/uploads\/2021\/07\/exterier.jpg'><img loading=\"lazy\" decoding=\"async\" width=\"300\" height=\"200\" src=\"https:\/\/2021.ostravskamuzejninoc.cz\/wp-content\/uploads\/2021\/07\/exterier-300x200.jpg\" class=\"attachment-medium size-medium\" alt=\"\" srcset=\"https:\/\/2021.ostravskamuzejninoc.cz\/wp-content\/uploads\/2021\/07\/exterier-300x200.jpg 300w, https:\/\/2021.ostravskamuzejninoc.cz\/wp-content\/uploads\/2021\/07\/exterier-1024x683.jpg 1024w, https:\/\/2021.ostravskamuzejninoc.cz\/wp-content\/uploads\/2021\/07\/exterier-768x512.jpg 768w, https:\/\/2021.ostravskamuzejninoc.cz\/wp-content\/uploads\/2021\/07\/exterier-1536x1024.jpg 1536w, https:\/\/2021.ostravskamuzejninoc.cz\/wp-content\/uploads\/2021\/07\/exterier-226x151.jpg 226w, https:\/\/2021.ostravskamuzejninoc.cz\/wp-content\/uploads\/2021\/07\/exterier.jpg 1900w\" sizes=\"auto, (max-width: 300px) 100vw, 300px\" \/><\/a>\n\t\t\t<\/div><\/figure><figure class='gallery-item'>\n\t\t\t<div class='gallery-icon landscape'>\n\t\t\t\t<a href='https:\/\/2021.ostravskamuzejninoc.cz\/wp-content\/uploads\/2021\/07\/gcp.jpg'><img loading=\"lazy\" decoding=\"async\" width=\"300\" height=\"200\" src=\"https:\/\/2021.ostravskamuzejninoc.cz\/wp-content\/uploads\/2021\/07\/gcp-300x200.jpg\" class=\"attachment-medium size-medium\" alt=\"\" srcset=\"https:\/\/2021.ostravskamuzejninoc.cz\/wp-content\/uploads\/2021\/07\/gcp-300x200.jpg 300w, https:\/\/2021.ostravskamuzejninoc.cz\/wp-content\/uploads\/2021\/07\/gcp-1024x683.jpg 1024w, https:\/\/2021.ostravskamuzejninoc.cz\/wp-content\/uploads\/2021\/07\/gcp-768x512.jpg 768w, https:\/\/2021.ostravskamuzejninoc.cz\/wp-content\/uploads\/2021\/07\/gcp-1536x1024.jpg 1536w, https:\/\/2021.ostravskamuzejninoc.cz\/wp-content\/uploads\/2021\/07\/gcp-226x151.jpg 226w, https:\/\/2021.ostravskamuzejninoc.cz\/wp-content\/uploads\/2021\/07\/gcp.jpg 1900w\" sizes=\"auto, (max-width: 300px) 100vw, 300px\" \/><\/a>\n\t\t\t<\/div><\/figure><figure class='gallery-item'>\n\t\t\t<div class='gallery-icon landscape'>\n\t\t\t\t<a href='https:\/\/2021.ostravskamuzejninoc.cz\/wp-content\/uploads\/2021\/07\/foto_streit01.jpg'><img loading=\"lazy\" decoding=\"async\" width=\"300\" height=\"217\" src=\"https:\/\/2021.ostravskamuzejninoc.cz\/wp-content\/uploads\/2021\/07\/foto_streit01-300x217.jpg\" class=\"attachment-medium size-medium\" alt=\"\" srcset=\"https:\/\/2021.ostravskamuzejninoc.cz\/wp-content\/uploads\/2021\/07\/foto_streit01-300x217.jpg 300w, https:\/\/2021.ostravskamuzejninoc.cz\/wp-content\/uploads\/2021\/07\/foto_streit01-1024x742.jpg 1024w, https:\/\/2021.ostravskamuzejninoc.cz\/wp-content\/uploads\/2021\/07\/foto_streit01-768x556.jpg 768w, https:\/\/2021.ostravskamuzejninoc.cz\/wp-content\/uploads\/2021\/07\/foto_streit01-1536x1113.jpg 1536w, https:\/\/2021.ostravskamuzejninoc.cz\/wp-content\/uploads\/2021\/07\/foto_streit01-226x164.jpg 226w, https:\/\/2021.ostravskamuzejninoc.cz\/wp-content\/uploads\/2021\/07\/foto_streit01.jpg 1651w\" sizes=\"auto, (max-width: 300px) 100vw, 300px\" \/><\/a>\n\t\t\t<\/div><\/figure>\n\t\t<\/div>\n<\/p>","protected":false},"excerpt":{"rendered":"","protected":false},"author":1,"featured_media":248,"comment_status":"closed","ping_status":"closed","sticky":false,"template":"","format":"standard","meta":{"footnotes":""},"categories":[3],"tags":[],"class_list":["post-244","post","type-post","status-publish","format-standard","has-post-thumbnail","hentry","category-2021_omn"],"_links":{"self":[{"href":"https:\/\/2021.ostravskamuzejninoc.cz\/pl\/wp-json\/wp\/v2\/posts\/244","targetHints":{"allow":["GET"]}}],"collection":[{"href":"https:\/\/2021.ostravskamuzejninoc.cz\/pl\/wp-json\/wp\/v2\/posts"}],"about":[{"href":"https:\/\/2021.ostravskamuzejninoc.cz\/pl\/wp-json\/wp\/v2\/types\/post"}],"author":[{"embeddable":true,"href":"https:\/\/2021.ostravskamuzejninoc.cz\/pl\/wp-json\/wp\/v2\/users\/1"}],"replies":[{"embeddable":true,"href":"https:\/\/2021.ostravskamuzejninoc.cz\/pl\/wp-json\/wp\/v2\/comments?post=244"}],"version-history":[{"count":18,"href":"https:\/\/2021.ostravskamuzejninoc.cz\/pl\/wp-json\/wp\/v2\/posts\/244\/revisions"}],"predecessor-version":[{"id":1108,"href":"https:\/\/2021.ostravskamuzejninoc.cz\/pl\/wp-json\/wp\/v2\/posts\/244\/revisions\/1108"}],"wp:featuredmedia":[{"embeddable":true,"href":"https:\/\/2021.ostravskamuzejninoc.cz\/pl\/wp-json\/wp\/v2\/media\/248"}],"wp:attachment":[{"href":"https:\/\/2021.ostravskamuzejninoc.cz\/pl\/wp-json\/wp\/v2\/media?parent=244"}],"wp:term":[{"taxonomy":"category","embeddable":true,"href":"https:\/\/2021.ostravskamuzejninoc.cz\/pl\/wp-json\/wp\/v2\/categories?post=244"},{"taxonomy":"post_tag","embeddable":true,"href":"https:\/\/2021.ostravskamuzejninoc.cz\/pl\/wp-json\/wp\/v2\/tags?post=244"}],"curies":[{"name":"wp","href":"https:\/\/api.w.org\/{rel}","templated":true}]}}