{"id":257,"date":"2021-07-07T21:31:17","date_gmt":"2021-07-07T19:31:17","guid":{"rendered":"https:\/\/2021.ostravskamuzejninoc.cz\/?p=257"},"modified":"2021-08-23T12:33:19","modified_gmt":"2021-08-23T10:33:19","slug":"muzeum-a-galerie-mlejn","status":"publish","type":"post","link":"https:\/\/2021.ostravskamuzejninoc.cz\/pl\/muzeum-a-galerie-mlejn\/","title":{"rendered":"MUZEUM I GALERIA MLEJN (M\u0142yn)"},"content":{"rendered":"<p><div class='content-column one_third'><div style=\"padding-right:30px;\"><p><img loading=\"lazy\" decoding=\"async\" class=\"alignnone size-full wp-image-260\" src=\"https:\/\/2021.ostravskamuzejninoc.cz\/wp-content\/uploads\/2021\/07\/mlejn_logo.png\" alt=\"\" width=\"250\" height=\"151\" srcset=\"https:\/\/2021.ostravskamuzejninoc.cz\/wp-content\/uploads\/2021\/07\/mlejn_logo.png 250w, https:\/\/2021.ostravskamuzejninoc.cz\/wp-content\/uploads\/2021\/07\/mlejn_logo-226x137.png 226w\" sizes=\"auto, (max-width: 250px) 100vw, 250px\" \/><br \/>\nN\u00e1dra\u017en\u00ed 3136\/138 A<br \/>\n702 00 Moravsk\u00e1 Ostrava<br \/>\n<a href=\"mailto:galeriemlejn@gmail.com\" target=\"_blank\" rel=\"noopener noreferrer\">galeriemlejn@gmail.com<\/a><br \/>\n<a href=\"https:\/\/www.mlejn.com\/\" target=\"_blank\" rel=\"noopener noreferrer\">www.mlejn.com<\/a><br \/>\n+420 596 136 033<\/p><\/div><\/div><\/p>\n<div class='content-column two_third last_column'><div style=\"padding-right:0px;\"><p>Galeria<br \/>\n<strong>18.00\u201323.00 WYSTAWA<\/strong><br \/>\nZwiedzanie wystawy bez przewodnika.<\/p>\n<p>Muzeum<br \/>\n<strong>18.00\u201323.30 STALA EKSPOZYCJA\u00a0<\/strong><br \/>\nZwiedzanie bez przewodnika ekspozycji ostrawskich m\u0142yn\u00f3w, metalowych m\u0142ynk\u00f3w, rozdrabniaczy i drobnych przedmiot\u00f3w gospodarskich.<\/p>\n<p><strong>18.00\u201318.45, 19.00\u201319.45, 20.00\u201320.45, 21.00\u201321.45, 22.00\u201322.45 ZWIEDZANIE Z PRZEWODNIKIEM\u00a0<\/strong><br \/>\nZapraszamy do zapoznania si\u0119 z histori\u0105 ostrawskich m\u0142yn\u00f3w, wypr\u00f3bujcie Pa\u0144stwo jak si\u0119 miele na kamiennych \u017carnach. Ekspozycj\u0119 m\u0142ynki i rozdrabniacze mo\u017cna zwiedza\u0107 z przewodnikiem, kt\u00f3ry opowie o eksponatach i ich producentach.<\/p>\n<p>Atelier Mlejn<br \/>\n<strong>17.00\u201321.30 WARSZTATY ARTYSTYCZNE<\/strong><br \/>\nMalowanie z zainteresowanymi pod kierownictwem lektor\u00f3w.<\/p><\/div><\/div><div class='clear_column'><\/div>\n<p>&nbsp;<\/p>\n<p><div id='gallery-2' class='gallery galleryid-257 gallery-columns-3 gallery-size-medium'><figure class='gallery-item'>\n\t\t\t<div class='gallery-icon landscape'>\n\t\t\t\t<a href='https:\/\/2021.ostravskamuzejninoc.cz\/wp-content\/uploads\/2021\/07\/mlejn_01.jpg'><img loading=\"lazy\" decoding=\"async\" width=\"300\" height=\"200\" src=\"https:\/\/2021.ostravskamuzejninoc.cz\/wp-content\/uploads\/2021\/07\/mlejn_01-300x200.jpg\" class=\"attachment-medium size-medium\" alt=\"\" srcset=\"https:\/\/2021.ostravskamuzejninoc.cz\/wp-content\/uploads\/2021\/07\/mlejn_01-300x200.jpg 300w, https:\/\/2021.ostravskamuzejninoc.cz\/wp-content\/uploads\/2021\/07\/mlejn_01-768x511.jpg 768w, https:\/\/2021.ostravskamuzejninoc.cz\/wp-content\/uploads\/2021\/07\/mlejn_01-226x150.jpg 226w, https:\/\/2021.ostravskamuzejninoc.cz\/wp-content\/uploads\/2021\/07\/mlejn_01.jpg 800w\" sizes=\"auto, (max-width: 300px) 100vw, 300px\" \/><\/a>\n\t\t\t<\/div><\/figure><figure class='gallery-item'>\n\t\t\t<div class='gallery-icon landscape'>\n\t\t\t\t<a href='https:\/\/2021.ostravskamuzejninoc.cz\/wp-content\/uploads\/2021\/07\/mlejn_02.jpg'><img loading=\"lazy\" decoding=\"async\" width=\"300\" height=\"200\" src=\"https:\/\/2021.ostravskamuzejninoc.cz\/wp-content\/uploads\/2021\/07\/mlejn_02-300x200.jpg\" class=\"attachment-medium size-medium\" alt=\"\" srcset=\"https:\/\/2021.ostravskamuzejninoc.cz\/wp-content\/uploads\/2021\/07\/mlejn_02-300x200.jpg 300w, https:\/\/2021.ostravskamuzejninoc.cz\/wp-content\/uploads\/2021\/07\/mlejn_02-768x511.jpg 768w, https:\/\/2021.ostravskamuzejninoc.cz\/wp-content\/uploads\/2021\/07\/mlejn_02-226x150.jpg 226w, https:\/\/2021.ostravskamuzejninoc.cz\/wp-content\/uploads\/2021\/07\/mlejn_02.jpg 800w\" sizes=\"auto, (max-width: 300px) 100vw, 300px\" \/><\/a>\n\t\t\t<\/div><\/figure><figure class='gallery-item'>\n\t\t\t<div class='gallery-icon landscape'>\n\t\t\t\t<a href='https:\/\/2021.ostravskamuzejninoc.cz\/wp-content\/uploads\/2021\/07\/Muzeum-a-galerie-Mlejn.jpg'><img loading=\"lazy\" decoding=\"async\" width=\"300\" height=\"200\" src=\"https:\/\/2021.ostravskamuzejninoc.cz\/wp-content\/uploads\/2021\/07\/Muzeum-a-galerie-Mlejn-300x200.jpg\" class=\"attachment-medium size-medium\" alt=\"\" srcset=\"https:\/\/2021.ostravskamuzejninoc.cz\/wp-content\/uploads\/2021\/07\/Muzeum-a-galerie-Mlejn-300x200.jpg 300w, https:\/\/2021.ostravskamuzejninoc.cz\/wp-content\/uploads\/2021\/07\/Muzeum-a-galerie-Mlejn-1024x681.jpg 1024w, https:\/\/2021.ostravskamuzejninoc.cz\/wp-content\/uploads\/2021\/07\/Muzeum-a-galerie-Mlejn-768x511.jpg 768w, https:\/\/2021.ostravskamuzejninoc.cz\/wp-content\/uploads\/2021\/07\/Muzeum-a-galerie-Mlejn-1536x1021.jpg 1536w, https:\/\/2021.ostravskamuzejninoc.cz\/wp-content\/uploads\/2021\/07\/Muzeum-a-galerie-Mlejn-226x150.jpg 226w, https:\/\/2021.ostravskamuzejninoc.cz\/wp-content\/uploads\/2021\/07\/Muzeum-a-galerie-Mlejn.jpg 1600w\" sizes=\"auto, (max-width: 300px) 100vw, 300px\" \/><\/a>\n\t\t\t<\/div><\/figure>\n\t\t<\/div>\n<\/p>","protected":false},"excerpt":{"rendered":"","protected":false},"author":1,"featured_media":258,"comment_status":"closed","ping_status":"closed","sticky":false,"template":"","format":"standard","meta":{"footnotes":""},"categories":[3],"tags":[],"class_list":["post-257","post","type-post","status-publish","format-standard","has-post-thumbnail","hentry","category-2021_omn"],"_links":{"self":[{"href":"https:\/\/2021.ostravskamuzejninoc.cz\/pl\/wp-json\/wp\/v2\/posts\/257","targetHints":{"allow":["GET"]}}],"collection":[{"href":"https:\/\/2021.ostravskamuzejninoc.cz\/pl\/wp-json\/wp\/v2\/posts"}],"about":[{"href":"https:\/\/2021.ostravskamuzejninoc.cz\/pl\/wp-json\/wp\/v2\/types\/post"}],"author":[{"embeddable":true,"href":"https:\/\/2021.ostravskamuzejninoc.cz\/pl\/wp-json\/wp\/v2\/users\/1"}],"replies":[{"embeddable":true,"href":"https:\/\/2021.ostravskamuzejninoc.cz\/pl\/wp-json\/wp\/v2\/comments?post=257"}],"version-history":[{"count":11,"href":"https:\/\/2021.ostravskamuzejninoc.cz\/pl\/wp-json\/wp\/v2\/posts\/257\/revisions"}],"predecessor-version":[{"id":1204,"href":"https:\/\/2021.ostravskamuzejninoc.cz\/pl\/wp-json\/wp\/v2\/posts\/257\/revisions\/1204"}],"wp:featuredmedia":[{"embeddable":true,"href":"https:\/\/2021.ostravskamuzejninoc.cz\/pl\/wp-json\/wp\/v2\/media\/258"}],"wp:attachment":[{"href":"https:\/\/2021.ostravskamuzejninoc.cz\/pl\/wp-json\/wp\/v2\/media?parent=257"}],"wp:term":[{"taxonomy":"category","embeddable":true,"href":"https:\/\/2021.ostravskamuzejninoc.cz\/pl\/wp-json\/wp\/v2\/categories?post=257"},{"taxonomy":"post_tag","embeddable":true,"href":"https:\/\/2021.ostravskamuzejninoc.cz\/pl\/wp-json\/wp\/v2\/tags?post=257"}],"curies":[{"name":"wp","href":"https:\/\/api.w.org\/{rel}","templated":true}]}}