{"id":262,"date":"2021-07-07T21:36:26","date_gmt":"2021-07-07T19:36:26","guid":{"rendered":"https:\/\/2021.ostravskamuzejninoc.cz\/?p=262"},"modified":"2021-08-18T18:26:20","modified_gmt":"2021-08-18T16:26:20","slug":"vytvarne-centrum-chagall","status":"publish","type":"post","link":"https:\/\/2021.ostravskamuzejninoc.cz\/pl\/vytvarne-centrum-chagall\/","title":{"rendered":"V\u00ddTVARN\u00c9 CENTRUM CHAGALL"},"content":{"rendered":"<p>&nbsp;<\/p>\n<div class='content-column one_third'><div style=\"padding-right:30px;\"><p><img loading=\"lazy\" decoding=\"async\" class=\"alignnone size-full wp-image-264\" src=\"https:\/\/2021.ostravskamuzejninoc.cz\/wp-content\/uploads\/2021\/07\/logo_chagall.png\" alt=\"\" width=\"250\" height=\"45\" srcset=\"https:\/\/2021.ostravskamuzejninoc.cz\/wp-content\/uploads\/2021\/07\/logo_chagall.png 250w, https:\/\/2021.ostravskamuzejninoc.cz\/wp-content\/uploads\/2021\/07\/logo_chagall-226x41.png 226w\" sizes=\"auto, (max-width: 250px) 100vw, 250px\" \/><br \/>\nRepinova 16, 702 00 Ostrava<br \/>\n<a href=\"mailto:chagall@chagall.cz\" target=\"_blank\" rel=\"noopener noreferrer\">chagall@chagall.cz<\/a><br \/>\n<a href=\"https:\/\/www.chagall.cz\/\" target=\"_blank\" rel=\"noopener noreferrer\">www.chagall.cz<\/a><br \/>\n+420 602 532 894<br \/>\n+420 605 964 765<\/p><\/div><\/div>\n<div class='content-column two_third last_column'><div style=\"padding-right:0px;\"><p><strong>17.00\u201324.00 SALVADOR DALI \u2013 grafika, rysunek, rze\u017aba<\/strong><br \/>\nIndywidualne zwiedzanie wystawy lub z przewodnikiem. Zwiedzanie z przewodnikiem co p\u00f3\u0142 godziny. Ostatnie o 23.30. System rezerwacji na zwiedzanie z przewodnikiem b\u0119dzie otwarty 23. 8. 2021 na <a href=\"https:\/\/2021.ostravskamuzejninoc.cz\/rezervace\/\">www.ostravskamuzejninoc.cz<\/a><\/p>\n<p><strong>17.00\u201324.00 SKARBY DEPOZYTU \u2013 malarstwo, rysunek, grafika, rze\u017aba, szk\u0142o artystyczne<\/strong><br \/>\nIndywidualne zwiedzanie wystawy lub z przewodnikiem. Komentovan\u00e9 prohl\u00eddky se uskute\u010dn\u00ed ka\u017edou p\u016flhodinu. Zwiedzanie z przewodnikiem co p\u00f3\u0142 godziny. Ostatnie o 23.30. System rezerwacji na zwiedzanie z przewodnikiem b\u0119dzie otwarty 23. 8. 2021 na <a href=\"https:\/\/2021.ostravskamuzejninoc.cz\/rezervace\/\">www.ostravskamuzejninoc.cz<\/a><\/p><\/div><\/div><div class='clear_column'><\/div>\n<p>&nbsp;<\/p>\n<p><div id='gallery-2' class='gallery galleryid-262 gallery-columns-3 gallery-size-medium'><figure class='gallery-item'>\n\t\t\t<div class='gallery-icon landscape'>\n\t\t\t\t<a href='https:\/\/2021.ostravskamuzejninoc.cz\/wp-content\/uploads\/2021\/07\/12_Chagall_zdenek-janosik-kopie.jpg'><img loading=\"lazy\" decoding=\"async\" width=\"300\" height=\"200\" src=\"https:\/\/2021.ostravskamuzejninoc.cz\/wp-content\/uploads\/2021\/07\/12_Chagall_zdenek-janosik-kopie-300x200.jpg\" class=\"attachment-medium size-medium\" alt=\"\" srcset=\"https:\/\/2021.ostravskamuzejninoc.cz\/wp-content\/uploads\/2021\/07\/12_Chagall_zdenek-janosik-kopie-300x200.jpg 300w, https:\/\/2021.ostravskamuzejninoc.cz\/wp-content\/uploads\/2021\/07\/12_Chagall_zdenek-janosik-kopie-1024x683.jpg 1024w, https:\/\/2021.ostravskamuzejninoc.cz\/wp-content\/uploads\/2021\/07\/12_Chagall_zdenek-janosik-kopie-768x512.jpg 768w, https:\/\/2021.ostravskamuzejninoc.cz\/wp-content\/uploads\/2021\/07\/12_Chagall_zdenek-janosik-kopie-1536x1024.jpg 1536w, https:\/\/2021.ostravskamuzejninoc.cz\/wp-content\/uploads\/2021\/07\/12_Chagall_zdenek-janosik-kopie-226x151.jpg 226w, https:\/\/2021.ostravskamuzejninoc.cz\/wp-content\/uploads\/2021\/07\/12_Chagall_zdenek-janosik-kopie.jpg 2025w\" sizes=\"auto, (max-width: 300px) 100vw, 300px\" \/><\/a>\n\t\t\t<\/div><\/figure><figure class='gallery-item'>\n\t\t\t<div class='gallery-icon landscape'>\n\t\t\t\t<a href='https:\/\/2021.ostravskamuzejninoc.cz\/wp-content\/uploads\/2021\/07\/Vytvarne-centrum-Chagall-scaled.jpg'><img loading=\"lazy\" decoding=\"async\" width=\"300\" height=\"210\" src=\"https:\/\/2021.ostravskamuzejninoc.cz\/wp-content\/uploads\/2021\/07\/Vytvarne-centrum-Chagall-300x210.jpg\" class=\"attachment-medium size-medium\" alt=\"\" srcset=\"https:\/\/2021.ostravskamuzejninoc.cz\/wp-content\/uploads\/2021\/07\/Vytvarne-centrum-Chagall-300x210.jpg 300w, https:\/\/2021.ostravskamuzejninoc.cz\/wp-content\/uploads\/2021\/07\/Vytvarne-centrum-Chagall-1024x715.jpg 1024w, https:\/\/2021.ostravskamuzejninoc.cz\/wp-content\/uploads\/2021\/07\/Vytvarne-centrum-Chagall-768x537.jpg 768w, https:\/\/2021.ostravskamuzejninoc.cz\/wp-content\/uploads\/2021\/07\/Vytvarne-centrum-Chagall-1536x1073.jpg 1536w, https:\/\/2021.ostravskamuzejninoc.cz\/wp-content\/uploads\/2021\/07\/Vytvarne-centrum-Chagall-2048x1431.jpg 2048w, https:\/\/2021.ostravskamuzejninoc.cz\/wp-content\/uploads\/2021\/07\/Vytvarne-centrum-Chagall-226x158.jpg 226w\" sizes=\"auto, (max-width: 300px) 100vw, 300px\" \/><\/a>\n\t\t\t<\/div><\/figure>\n\t\t<\/div>\n<\/p>","protected":false},"excerpt":{"rendered":"","protected":false},"author":1,"featured_media":456,"comment_status":"closed","ping_status":"closed","sticky":false,"template":"","format":"standard","meta":{"footnotes":""},"categories":[3],"tags":[],"class_list":["post-262","post","type-post","status-publish","format-standard","has-post-thumbnail","hentry","category-2021_omn"],"_links":{"self":[{"href":"https:\/\/2021.ostravskamuzejninoc.cz\/pl\/wp-json\/wp\/v2\/posts\/262","targetHints":{"allow":["GET"]}}],"collection":[{"href":"https:\/\/2021.ostravskamuzejninoc.cz\/pl\/wp-json\/wp\/v2\/posts"}],"about":[{"href":"https:\/\/2021.ostravskamuzejninoc.cz\/pl\/wp-json\/wp\/v2\/types\/post"}],"author":[{"embeddable":true,"href":"https:\/\/2021.ostravskamuzejninoc.cz\/pl\/wp-json\/wp\/v2\/users\/1"}],"replies":[{"embeddable":true,"href":"https:\/\/2021.ostravskamuzejninoc.cz\/pl\/wp-json\/wp\/v2\/comments?post=262"}],"version-history":[{"count":16,"href":"https:\/\/2021.ostravskamuzejninoc.cz\/pl\/wp-json\/wp\/v2\/posts\/262\/revisions"}],"predecessor-version":[{"id":1160,"href":"https:\/\/2021.ostravskamuzejninoc.cz\/pl\/wp-json\/wp\/v2\/posts\/262\/revisions\/1160"}],"wp:featuredmedia":[{"embeddable":true,"href":"https:\/\/2021.ostravskamuzejninoc.cz\/pl\/wp-json\/wp\/v2\/media\/456"}],"wp:attachment":[{"href":"https:\/\/2021.ostravskamuzejninoc.cz\/pl\/wp-json\/wp\/v2\/media?parent=262"}],"wp:term":[{"taxonomy":"category","embeddable":true,"href":"https:\/\/2021.ostravskamuzejninoc.cz\/pl\/wp-json\/wp\/v2\/categories?post=262"},{"taxonomy":"post_tag","embeddable":true,"href":"https:\/\/2021.ostravskamuzejninoc.cz\/pl\/wp-json\/wp\/v2\/tags?post=262"}],"curies":[{"name":"wp","href":"https:\/\/api.w.org\/{rel}","templated":true}]}}